{"id":542,"date":"2023-12-09T14:26:01","date_gmt":"2023-12-09T14:26:01","guid":{"rendered":"https:\/\/utl-durance-provence.com\/?p=542"},"modified":"2024-10-26T09:21:41","modified_gmt":"2024-10-26T09:21:41","slug":"voyage-a-travers-la-folie","status":"publish","type":"post","link":"https:\/\/utl-durance-provence.com\/?p=542","title":{"rendered":"Voyage \u00e0 travers la folie"},"content":{"rendered":"<p>[et_pb_section fb_built=\u00a0\u00bb1&Prime; admin_label=\u00a0\u00bbBook\u00a0\u00bb _builder_version=\u00a0\u00bb4.23&Prime; _module_preset=\u00a0\u00bbdefault\u00a0\u00bb background_color=\u00a0\u00bb#480468&Prime; locked=\u00a0\u00bboff\u00a0\u00bb global_colors_info=\u00a0\u00bb{%22gcid-8b305f9d-4844-4604-ba06-445166ebe5d6%22:%91%22background_color%22%93,%22gcid-bafd0c31-2a11-4c7d-b3a8-caae4a4218d9%22:%91%22background_color%22%93}\u00a0\u00bb theme_builder_area=\u00a0\u00bbpost_content\u00a0\u00bb][et_pb_row column_structure=\u00a0\u00bb3_5,2_5&Prime; _builder_version=\u00a0\u00bb4.23.1&Prime; _module_preset=\u00a0\u00bbdefault\u00a0\u00bb background_color=\u00a0\u00bbrgba(0,0,0,0.32)\u00a0\u00bb background_image=\u00a0\u00bbhttps:\/\/utl-durance-provence.com\/wp-content\/uploads\/2023\/12\/Voyage_a_travers_la_folie.png\u00a0\u00bb background_blend=\u00a0\u00bbmultiply\u00a0\u00bb global_colors_info=\u00a0\u00bb{}\u00a0\u00bb theme_builder_area=\u00a0\u00bbpost_content\u00a0\u00bb][et_pb_column type=\u00a0\u00bb3_5&Prime; _builder_version=\u00a0\u00bb4.16&Prime; _module_preset=\u00a0\u00bbdefault\u00a0\u00bb custom_padding=\u00a0\u00bb10%||||false|false\u00a0\u00bb global_colors_info=\u00a0\u00bb{}\u00a0\u00bb theme_builder_area=\u00a0\u00bbpost_content\u00a0\u00bb][et_pb_text admin_label=\u00a0\u00bbTexte\u00a0\u00bb _builder_version=\u00a0\u00bb4.23&Prime; _module_preset=\u00a0\u00bbe864d11f-3dab-4fa3-ac06-4f0e1a260807&Prime; header_font=\u00a0\u00bbHeebo|700|||||||\u00a0\u00bb header_text_color=\u00a0\u00bb#FFFFFF\u00a0\u00bb header_font_size=\u00a0\u00bb75px\u00a0\u00bb header_line_height=\u00a0\u00bb1.1em\u00a0\u00bb custom_margin=\u00a0\u00bb|-208px|10px||false|false\u00a0\u00bb header_font_size_tablet=\u00a0\u00bb40px\u00a0\u00bb header_font_size_phone=\u00a0\u00bb24px\u00a0\u00bb header_font_size_last_edited=\u00a0\u00bbon|desktop\u00a0\u00bb global_colors_info=\u00a0\u00bb{}\u00a0\u00bb theme_builder_area=\u00a0\u00bbpost_content\u00a0\u00bb]<\/p>\n<h1><span style=\"color: #0000ff;\">Voyage \u00e0 travers la folie<\/span><\/h1>\n<p>[\/et_pb_text][et_pb_text admin_label=\u00a0\u00bbTexte\u00a0\u00bb _builder_version=\u00a0\u00bb4.27.0&Prime; _module_preset=\u00a0\u00bb5ff55506-da7d-4dd7-b409-9d62c7203201&Prime; text_font=\u00a0\u00bbInter||||||||\u00a0\u00bb text_text_color=\u00a0\u00bb#15414a\u00a0\u00bb text_font_size=\u00a0\u00bb16px\u00a0\u00bb text_line_height=\u00a0\u00bb1.8em\u00a0\u00bb link_text_color=\u00a0\u00bb#FF5D67&Prime; header_3_font=\u00a0\u00bbInter||||||||\u00a0\u00bb header_3_text_color=\u00a0\u00bb#FFC736&Prime; header_3_font_size=\u00a0\u00bb14px\u00a0\u00bb custom_margin=\u00a0\u00bb||10px||false|false\u00a0\u00bb hover_enabled=\u00a0\u00bb0&Prime; text_font_size_tablet=\u00a0\u00bb15px\u00a0\u00bb text_font_size_phone=\u00a0\u00bb14px\u00a0\u00bb text_font_size_last_edited=\u00a0\u00bbon|phone\u00a0\u00bb header_font_size_tablet=\u00a0\u00bb55px\u00a0\u00bb header_font_size_last_edited=\u00a0\u00bboff|desktop\u00a0\u00bb global_colors_info=\u00a0\u00bb{%22gcid-8b305f9d-4844-4604-ba06-445166ebe5d6%22:%91%22header_3_text_color%22%93}\u00a0\u00bb theme_builder_area=\u00a0\u00bbpost_content\u00a0\u00bb sticky_enabled=\u00a0\u00bb0&Prime;]<\/p>\n<h3>\u00a0Par Jean-Fran\u00e7ois Popielski\u00a0<\/h3>\n<p>[\/et_pb_text][et_pb_text admin_label=\u00a0\u00bbTexte\u00a0\u00bb _builder_version=\u00a0\u00bb4.27.0&Prime; _module_preset=\u00a0\u00bb5ff55506-da7d-4dd7-b409-9d62c7203201&Prime; text_font=\u00a0\u00bbInter||||||||\u00a0\u00bb text_text_color=\u00a0\u00bb#FFFFFF\u00a0\u00bb text_font_size=\u00a0\u00bb16px\u00a0\u00bb text_line_height=\u00a0\u00bb1.8em\u00a0\u00bb link_text_color=\u00a0\u00bb#FF5D67&Prime; hover_enabled=\u00a0\u00bb0&Prime; text_font_size_tablet=\u00a0\u00bb15px\u00a0\u00bb text_font_size_phone=\u00a0\u00bb14px\u00a0\u00bb text_font_size_last_edited=\u00a0\u00bbon|phone\u00a0\u00bb header_font_size_tablet=\u00a0\u00bb55px\u00a0\u00bb header_font_size_last_edited=\u00a0\u00bboff|desktop\u00a0\u00bb global_colors_info=\u00a0\u00bb{}\u00a0\u00bb theme_builder_area=\u00a0\u00bbpost_content\u00a0\u00bb sticky_enabled=\u00a0\u00bb0&Prime;]<\/p>\n<p>12 Octobre 2024\u00a0<\/p>\n<p>[\/et_pb_text][\/et_pb_column][et_pb_column type=\u00a0\u00bb2_5&Prime; _builder_version=\u00a0\u00bb4.16&Prime; _module_preset=\u00a0\u00bbdefault\u00a0\u00bb global_colors_info=\u00a0\u00bb{}\u00a0\u00bb theme_builder_area=\u00a0\u00bbpost_content\u00a0\u00bb][\/et_pb_column][\/et_pb_row][et_pb_row _builder_version=\u00a0\u00bb4.16&Prime; _module_preset=\u00a0\u00bbdefault\u00a0\u00bb global_colors_info=\u00a0\u00bb{}\u00a0\u00bb theme_builder_area=\u00a0\u00bbpost_content\u00a0\u00bb][et_pb_column type=\u00a0\u00bb4_4&Prime; _builder_version=\u00a0\u00bb4.16&Prime; _module_preset=\u00a0\u00bbdefault\u00a0\u00bb global_colors_info=\u00a0\u00bb{}\u00a0\u00bb theme_builder_area=\u00a0\u00bbpost_content\u00a0\u00bb][et_pb_text admin_label=\u00a0\u00bbTexte\u00a0\u00bb _builder_version=\u00a0\u00bb4.16&Prime; _module_preset=\u00a0\u00bb41d5859c-fbaa-458a-88e4-5d886857f235&Prime; text_font=\u00a0\u00bbInter||||||||\u00a0\u00bb text_text_color=\u00a0\u00bb#FFFFFF\u00a0\u00bb text_font_size=\u00a0\u00bb18px\u00a0\u00bb text_line_height=\u00a0\u00bb1.8em\u00a0\u00bb text_font_size_tablet=\u00a0\u00bb16px\u00a0\u00bb text_font_size_phone=\u00a0\u00bb14px\u00a0\u00bb text_font_size_last_edited=\u00a0\u00bbon|phone\u00a0\u00bb global_colors_info=\u00a0\u00bb{}\u00a0\u00bb theme_builder_area=\u00a0\u00bbpost_content\u00a0\u00bb]<\/p>\n<p>La conf\u00e9rence sera anim\u00e9e par Jean-Fran\u00e7ois\u00a0Popielski, formateur en psychiatrie. Cette conf\u00e9rence a connu du succ\u00e8s sur Paris.\u00a0<\/p>\n<p>\u00a0<em>Du regard de l&rsquo;antiquit\u00e9 sur la folie au questionnement actuel sur la maladie mentale, il nous fait d\u00e9couvrir des femmes oubli\u00e9es par l&rsquo;histoire, r\u00e9elles actrices d&rsquo;un regard diff\u00e9rent pos\u00e9 sur la souffrance mentale.\u00a0<\/p>\n<p>La folie a toujours fascin\u00e9, de Babylone \u00e0 Rome, et le regard port\u00e9 par l&rsquo;histoire permet de mieux appr\u00e9hender les questions que la folie pose aujourd&rsquo;hui.<\/em><\/p>\n<p>[\/et_pb_text][\/et_pb_column][\/et_pb_row][et_pb_row _builder_version=\u00a0\u00bb4.23.1&Prime; _module_preset=\u00a0\u00bbdefault\u00a0\u00bb global_colors_info=\u00a0\u00bb{}\u00a0\u00bb theme_builder_area=\u00a0\u00bbpost_content\u00a0\u00bb][et_pb_column type=\u00a0\u00bb4_4&Prime; _builder_version=\u00a0\u00bb4.23&Prime; _module_preset=\u00a0\u00bbdefault\u00a0\u00bb global_colors_info=\u00a0\u00bb{}\u00a0\u00bb theme_builder_area=\u00a0\u00bbpost_content\u00a0\u00bb][et_pb_image src=\u00a0\u00bbhttps:\/\/utl-durance-provence.com\/wp-content\/uploads\/2023\/12\/Voyage_a_travers_la_folie_02.png\u00a0\u00bb title_text=\u00a0\u00bbVoyage_a_travers_la_folie_02&Prime; align=\u00a0\u00bbcenter\u00a0\u00bb _builder_version=\u00a0\u00bb4.23.1&Prime; _module_preset=\u00a0\u00bbdefault\u00a0\u00bb global_colors_info=\u00a0\u00bb{}\u00a0\u00bb theme_builder_area=\u00a0\u00bbpost_content\u00a0\u00bb][\/et_pb_image][\/et_pb_column][\/et_pb_row][et_pb_row _builder_version=\u00a0\u00bb4.23&Prime; _module_preset=\u00a0\u00bbdefault\u00a0\u00bb global_colors_info=\u00a0\u00bb{}\u00a0\u00bb theme_builder_area=\u00a0\u00bbpost_content\u00a0\u00bb][et_pb_column type=\u00a0\u00bb4_4&Prime; _builder_version=\u00a0\u00bb4.23&Prime; _module_preset=\u00a0\u00bbdefault\u00a0\u00bb global_colors_info=\u00a0\u00bb{}\u00a0\u00bb theme_builder_area=\u00a0\u00bbpost_content\u00a0\u00bb][et_pb_text _builder_version=\u00a0\u00bb4.27.0&Prime; _module_preset=\u00a0\u00bbdefault\u00a0\u00bb hover_enabled=\u00a0\u00bb0&Prime; global_colors_info=\u00a0\u00bb{}\u00a0\u00bb theme_builder_area=\u00a0\u00bbpost_content\u00a0\u00bb sticky_enabled=\u00a0\u00bb0&Prime;]<\/p>\n<p class=\"cvGsUA direction-ltr align-start para-style-body\"><span style=\"color: #ffffff;\"><strong><span style=\"text-decoration: underline;\"><span class=\"OYPEnA text-decoration-underline text-strikethrough-none\">Date, Horaires et Tarifs <\/span><span class=\"OYPEnA text-strikethrough-none text-decoration-none\">\u00a0:<\/span><\/span><\/strong><span class=\"OYPEnA text-strikethrough-none text-decoration-none white-space-prewrap\"> <\/span><\/span><\/p>\n<p class=\"cvGsUA direction-ltr align-start para-style-body\"><span style=\"color: #ffffff;\"><span class=\"OYPEnA text-decoration-none text-strikethrough-none\">Conf\u00e9rence : Samedi 12 octobre 2024 de 14h \u00e0 18h<\/span><\/span><\/p>\n<p>[\/et_pb_text][\/et_pb_column][\/et_pb_row][\/et_pb_section]<\/p>\n","protected":false},"excerpt":{"rendered":"<p>Voyage \u00e0 travers la folie\u00a0Par Jean-Fran\u00e7ois Popielski\u00a012 Octobre 2024\u00a0La conf\u00e9rence sera anim\u00e9e par Jean-Fran\u00e7ois\u00a0Popielski, formateur en psychiatrie. Cette conf\u00e9rence a connu du succ\u00e8s sur Paris.\u00a0 \u00a0Du regard de l&rsquo;antiquit\u00e9 sur la folie au questionnement actuel sur la maladie mentale, il nous fait d\u00e9couvrir des femmes oubli\u00e9es par l&rsquo;histoire, r\u00e9elles actrices d&rsquo;un regard diff\u00e9rent pos\u00e9 sur [&hellip;]<\/p>\n","protected":false},"author":1,"featured_media":544,"comment_status":"closed","ping_status":"closed","sticky":false,"template":"","format":"standard","meta":{"_et_pb_use_builder":"on","_et_pb_old_content":"<!-- wp:divi\/placeholder \/-->","_et_gb_content_width":"1080","_jetpack_memberships_contains_paid_content":false,"footnotes":""},"categories":[13],"tags":[],"class_list":["post-542","post","type-post","status-publish","format-standard","has-post-thumbnail","hentry","category-conference-realisee"],"yoast_head":"<!-- This site is optimized with the Yoast SEO plugin v27.5 - https:\/\/yoast.com\/product\/yoast-seo-wordpress\/ -->\n<title>Voyage \u00e0 travers la folie - UTL Durance Provence<\/title>\n<meta name=\"robots\" content=\"index, follow, max-snippet:-1, max-image-preview:large, max-video-preview:-1\" \/>\n<link rel=\"canonical\" href=\"https:\/\/utl-durance-provence.com\/?p=542\" \/>\n<meta property=\"og:locale\" content=\"fr_FR\" \/>\n<meta property=\"og:type\" content=\"article\" \/>\n<meta property=\"og:title\" content=\"Voyage \u00e0 travers la folie - UTL Durance Provence\" \/>\n<meta property=\"og:description\" content=\"Voyage \u00e0 travers la folie\u00a0Par Jean-Fran\u00e7ois Popielski\u00a012 Octobre 2024\u00a0La conf\u00e9rence sera anim\u00e9e par Jean-Fran\u00e7ois\u00a0Popielski, formateur en psychiatrie. Cette conf\u00e9rence a connu du succ\u00e8s sur Paris.\u00a0 \u00a0Du regard de l&#039;antiquit\u00e9 sur la folie au questionnement actuel sur la maladie mentale, il nous fait d\u00e9couvrir des femmes oubli\u00e9es par l&#039;histoire, r\u00e9elles actrices d&#039;un regard diff\u00e9rent pos\u00e9 sur [&hellip;]\" \/>\n<meta property=\"og:url\" content=\"https:\/\/utl-durance-provence.com\/?p=542\" \/>\n<meta property=\"og:site_name\" content=\"UTL Durance Provence\" \/>\n<meta property=\"article:published_time\" content=\"2023-12-09T14:26:01+00:00\" \/>\n<meta property=\"article:modified_time\" content=\"2024-10-26T09:21:41+00:00\" \/>\n<meta property=\"og:image\" content=\"https:\/\/utl-durance-provence.com\/wp-content\/uploads\/2023\/12\/Voyage_a_travers_la_folie.png\" \/>\n\t<meta property=\"og:image:width\" content=\"684\" \/>\n\t<meta property=\"og:image:height\" content=\"601\" \/>\n\t<meta property=\"og:image:type\" content=\"image\/png\" \/>\n<meta name=\"author\" content=\"admin\" \/>\n<meta name=\"twitter:card\" content=\"summary_large_image\" \/>\n<meta name=\"twitter:label1\" content=\"\u00c9crit par\" \/>\n\t<meta name=\"twitter:data1\" content=\"admin\" \/>\n<script type=\"application\/ld+json\" class=\"yoast-schema-graph\">{\"@context\":\"https:\\\/\\\/schema.org\",\"@graph\":[{\"@type\":\"Article\",\"@id\":\"https:\\\/\\\/utl-durance-provence.com\\\/?p=542#article\",\"isPartOf\":{\"@id\":\"https:\\\/\\\/utl-durance-provence.com\\\/?p=542\"},\"author\":{\"name\":\"admin\",\"@id\":\"https:\\\/\\\/utl-durance-provence.com\\\/#\\\/schema\\\/person\\\/7f66f57fb7e4df46693a540fd9e3dae8\"},\"headline\":\"Voyage \u00e0 travers la folie\",\"datePublished\":\"2023-12-09T14:26:01+00:00\",\"dateModified\":\"2024-10-26T09:21:41+00:00\",\"mainEntityOfPage\":{\"@id\":\"https:\\\/\\\/utl-durance-provence.com\\\/?p=542\"},\"wordCount\":753,\"image\":{\"@id\":\"https:\\\/\\\/utl-durance-provence.com\\\/?p=542#primaryimage\"},\"thumbnailUrl\":\"https:\\\/\\\/utl-durance-provence.com\\\/wp-content\\\/uploads\\\/2023\\\/12\\\/Voyage_a_travers_la_folie.png\",\"articleSection\":[\"Conf\u00e9rence r\u00e9alis\u00e9e\"],\"inLanguage\":\"fr-FR\"},{\"@type\":\"WebPage\",\"@id\":\"https:\\\/\\\/utl-durance-provence.com\\\/?p=542\",\"url\":\"https:\\\/\\\/utl-durance-provence.com\\\/?p=542\",\"name\":\"Voyage \u00e0 travers la folie - UTL Durance Provence\",\"isPartOf\":{\"@id\":\"https:\\\/\\\/utl-durance-provence.com\\\/#website\"},\"primaryImageOfPage\":{\"@id\":\"https:\\\/\\\/utl-durance-provence.com\\\/?p=542#primaryimage\"},\"image\":{\"@id\":\"https:\\\/\\\/utl-durance-provence.com\\\/?p=542#primaryimage\"},\"thumbnailUrl\":\"https:\\\/\\\/utl-durance-provence.com\\\/wp-content\\\/uploads\\\/2023\\\/12\\\/Voyage_a_travers_la_folie.png\",\"datePublished\":\"2023-12-09T14:26:01+00:00\",\"dateModified\":\"2024-10-26T09:21:41+00:00\",\"author\":{\"@id\":\"https:\\\/\\\/utl-durance-provence.com\\\/#\\\/schema\\\/person\\\/7f66f57fb7e4df46693a540fd9e3dae8\"},\"breadcrumb\":{\"@id\":\"https:\\\/\\\/utl-durance-provence.com\\\/?p=542#breadcrumb\"},\"inLanguage\":\"fr-FR\",\"potentialAction\":[{\"@type\":\"ReadAction\",\"target\":[\"https:\\\/\\\/utl-durance-provence.com\\\/?p=542\"]}]},{\"@type\":\"ImageObject\",\"inLanguage\":\"fr-FR\",\"@id\":\"https:\\\/\\\/utl-durance-provence.com\\\/?p=542#primaryimage\",\"url\":\"https:\\\/\\\/utl-durance-provence.com\\\/wp-content\\\/uploads\\\/2023\\\/12\\\/Voyage_a_travers_la_folie.png\",\"contentUrl\":\"https:\\\/\\\/utl-durance-provence.com\\\/wp-content\\\/uploads\\\/2023\\\/12\\\/Voyage_a_travers_la_folie.png\",\"width\":684,\"height\":601},{\"@type\":\"BreadcrumbList\",\"@id\":\"https:\\\/\\\/utl-durance-provence.com\\\/?p=542#breadcrumb\",\"itemListElement\":[{\"@type\":\"ListItem\",\"position\":1,\"name\":\"Accueil\",\"item\":\"https:\\\/\\\/utl-durance-provence.com\\\/\"},{\"@type\":\"ListItem\",\"position\":2,\"name\":\"Voyage \u00e0 travers la folie\"}]},{\"@type\":\"WebSite\",\"@id\":\"https:\\\/\\\/utl-durance-provence.com\\\/#website\",\"url\":\"https:\\\/\\\/utl-durance-provence.com\\\/\",\"name\":\"UTL Durance Provence\",\"description\":\"Se Former, Savoir, Echanger, Apprendre\",\"potentialAction\":[{\"@type\":\"SearchAction\",\"target\":{\"@type\":\"EntryPoint\",\"urlTemplate\":\"https:\\\/\\\/utl-durance-provence.com\\\/?s={search_term_string}\"},\"query-input\":{\"@type\":\"PropertyValueSpecification\",\"valueRequired\":true,\"valueName\":\"search_term_string\"}}],\"inLanguage\":\"fr-FR\"},{\"@type\":\"Person\",\"@id\":\"https:\\\/\\\/utl-durance-provence.com\\\/#\\\/schema\\\/person\\\/7f66f57fb7e4df46693a540fd9e3dae8\",\"name\":\"admin\",\"sameAs\":[\"https:\\\/\\\/utl-durance-provence.com\"],\"url\":\"https:\\\/\\\/utl-durance-provence.com\\\/?author=1\"}]}<\/script>\n<!-- \/ Yoast SEO plugin. -->","yoast_head_json":{"title":"Voyage \u00e0 travers la folie - UTL Durance Provence","robots":{"index":"index","follow":"follow","max-snippet":"max-snippet:-1","max-image-preview":"max-image-preview:large","max-video-preview":"max-video-preview:-1"},"canonical":"https:\/\/utl-durance-provence.com\/?p=542","og_locale":"fr_FR","og_type":"article","og_title":"Voyage \u00e0 travers la folie - UTL Durance Provence","og_description":"Voyage \u00e0 travers la folie\u00a0Par Jean-Fran\u00e7ois Popielski\u00a012 Octobre 2024\u00a0La conf\u00e9rence sera anim\u00e9e par Jean-Fran\u00e7ois\u00a0Popielski, formateur en psychiatrie. Cette conf\u00e9rence a connu du succ\u00e8s sur Paris.\u00a0 \u00a0Du regard de l'antiquit\u00e9 sur la folie au questionnement actuel sur la maladie mentale, il nous fait d\u00e9couvrir des femmes oubli\u00e9es par l'histoire, r\u00e9elles actrices d'un regard diff\u00e9rent pos\u00e9 sur [&hellip;]","og_url":"https:\/\/utl-durance-provence.com\/?p=542","og_site_name":"UTL Durance Provence","article_published_time":"2023-12-09T14:26:01+00:00","article_modified_time":"2024-10-26T09:21:41+00:00","og_image":[{"width":684,"height":601,"url":"https:\/\/utl-durance-provence.com\/wp-content\/uploads\/2023\/12\/Voyage_a_travers_la_folie.png","type":"image\/png"}],"author":"admin","twitter_card":"summary_large_image","twitter_misc":{"\u00c9crit par":"admin"},"schema":{"@context":"https:\/\/schema.org","@graph":[{"@type":"Article","@id":"https:\/\/utl-durance-provence.com\/?p=542#article","isPartOf":{"@id":"https:\/\/utl-durance-provence.com\/?p=542"},"author":{"name":"admin","@id":"https:\/\/utl-durance-provence.com\/#\/schema\/person\/7f66f57fb7e4df46693a540fd9e3dae8"},"headline":"Voyage \u00e0 travers la folie","datePublished":"2023-12-09T14:26:01+00:00","dateModified":"2024-10-26T09:21:41+00:00","mainEntityOfPage":{"@id":"https:\/\/utl-durance-provence.com\/?p=542"},"wordCount":753,"image":{"@id":"https:\/\/utl-durance-provence.com\/?p=542#primaryimage"},"thumbnailUrl":"https:\/\/utl-durance-provence.com\/wp-content\/uploads\/2023\/12\/Voyage_a_travers_la_folie.png","articleSection":["Conf\u00e9rence r\u00e9alis\u00e9e"],"inLanguage":"fr-FR"},{"@type":"WebPage","@id":"https:\/\/utl-durance-provence.com\/?p=542","url":"https:\/\/utl-durance-provence.com\/?p=542","name":"Voyage \u00e0 travers la folie - UTL Durance Provence","isPartOf":{"@id":"https:\/\/utl-durance-provence.com\/#website"},"primaryImageOfPage":{"@id":"https:\/\/utl-durance-provence.com\/?p=542#primaryimage"},"image":{"@id":"https:\/\/utl-durance-provence.com\/?p=542#primaryimage"},"thumbnailUrl":"https:\/\/utl-durance-provence.com\/wp-content\/uploads\/2023\/12\/Voyage_a_travers_la_folie.png","datePublished":"2023-12-09T14:26:01+00:00","dateModified":"2024-10-26T09:21:41+00:00","author":{"@id":"https:\/\/utl-durance-provence.com\/#\/schema\/person\/7f66f57fb7e4df46693a540fd9e3dae8"},"breadcrumb":{"@id":"https:\/\/utl-durance-provence.com\/?p=542#breadcrumb"},"inLanguage":"fr-FR","potentialAction":[{"@type":"ReadAction","target":["https:\/\/utl-durance-provence.com\/?p=542"]}]},{"@type":"ImageObject","inLanguage":"fr-FR","@id":"https:\/\/utl-durance-provence.com\/?p=542#primaryimage","url":"https:\/\/utl-durance-provence.com\/wp-content\/uploads\/2023\/12\/Voyage_a_travers_la_folie.png","contentUrl":"https:\/\/utl-durance-provence.com\/wp-content\/uploads\/2023\/12\/Voyage_a_travers_la_folie.png","width":684,"height":601},{"@type":"BreadcrumbList","@id":"https:\/\/utl-durance-provence.com\/?p=542#breadcrumb","itemListElement":[{"@type":"ListItem","position":1,"name":"Accueil","item":"https:\/\/utl-durance-provence.com\/"},{"@type":"ListItem","position":2,"name":"Voyage \u00e0 travers la folie"}]},{"@type":"WebSite","@id":"https:\/\/utl-durance-provence.com\/#website","url":"https:\/\/utl-durance-provence.com\/","name":"UTL Durance Provence","description":"Se Former, Savoir, Echanger, Apprendre","potentialAction":[{"@type":"SearchAction","target":{"@type":"EntryPoint","urlTemplate":"https:\/\/utl-durance-provence.com\/?s={search_term_string}"},"query-input":{"@type":"PropertyValueSpecification","valueRequired":true,"valueName":"search_term_string"}}],"inLanguage":"fr-FR"},{"@type":"Person","@id":"https:\/\/utl-durance-provence.com\/#\/schema\/person\/7f66f57fb7e4df46693a540fd9e3dae8","name":"admin","sameAs":["https:\/\/utl-durance-provence.com"],"url":"https:\/\/utl-durance-provence.com\/?author=1"}]}},"jetpack_featured_media_url":"https:\/\/utl-durance-provence.com\/wp-content\/uploads\/2023\/12\/Voyage_a_travers_la_folie.png","jetpack_sharing_enabled":true,"_links":{"self":[{"href":"https:\/\/utl-durance-provence.com\/index.php?rest_route=\/wp\/v2\/posts\/542","targetHints":{"allow":["GET"]}}],"collection":[{"href":"https:\/\/utl-durance-provence.com\/index.php?rest_route=\/wp\/v2\/posts"}],"about":[{"href":"https:\/\/utl-durance-provence.com\/index.php?rest_route=\/wp\/v2\/types\/post"}],"author":[{"embeddable":true,"href":"https:\/\/utl-durance-provence.com\/index.php?rest_route=\/wp\/v2\/users\/1"}],"replies":[{"embeddable":true,"href":"https:\/\/utl-durance-provence.com\/index.php?rest_route=%2Fwp%2Fv2%2Fcomments&post=542"}],"version-history":[{"count":5,"href":"https:\/\/utl-durance-provence.com\/index.php?rest_route=\/wp\/v2\/posts\/542\/revisions"}],"predecessor-version":[{"id":907,"href":"https:\/\/utl-durance-provence.com\/index.php?rest_route=\/wp\/v2\/posts\/542\/revisions\/907"}],"wp:featuredmedia":[{"embeddable":true,"href":"https:\/\/utl-durance-provence.com\/index.php?rest_route=\/wp\/v2\/media\/544"}],"wp:attachment":[{"href":"https:\/\/utl-durance-provence.com\/index.php?rest_route=%2Fwp%2Fv2%2Fmedia&parent=542"}],"wp:term":[{"taxonomy":"category","embeddable":true,"href":"https:\/\/utl-durance-provence.com\/index.php?rest_route=%2Fwp%2Fv2%2Fcategories&post=542"},{"taxonomy":"post_tag","embeddable":true,"href":"https:\/\/utl-durance-provence.com\/index.php?rest_route=%2Fwp%2Fv2%2Ftags&post=542"}],"curies":[{"name":"wp","href":"https:\/\/api.w.org\/{rel}","templated":true}]}}