{"id":1378,"date":"2025-07-31T15:13:29","date_gmt":"2025-07-31T15:13:29","guid":{"rendered":"https:\/\/utl-durance-provence.com\/?p=1378"},"modified":"2026-03-12T07:56:09","modified_gmt":"2026-03-12T07:56:09","slug":"histoire-de-lart-2","status":"publish","type":"post","link":"https:\/\/utl-durance-provence.com\/?p=1378","title":{"rendered":"Histoire de l&rsquo;Art"},"content":{"rendered":"<p>[et_pb_section fb_built=\u00a0\u00bb1&Prime; admin_label=\u00a0\u00bbBook\u00a0\u00bb _builder_version=\u00a0\u00bb4.23&Prime; _module_preset=\u00a0\u00bbdefault\u00a0\u00bb background_color=\u00a0\u00bb#480468&Prime; locked=\u00a0\u00bboff\u00a0\u00bb global_colors_info=\u00a0\u00bb{%22gcid-8b305f9d-4844-4604-ba06-445166ebe5d6%22:%91%22background_color%22%93,%22gcid-bafd0c31-2a11-4c7d-b3a8-caae4a4218d9%22:%91%22background_color%22%93}\u00a0\u00bb theme_builder_area=\u00a0\u00bbpost_content\u00a0\u00bb][et_pb_row column_structure=\u00a0\u00bb2_5,3_5&Prime; _builder_version=\u00a0\u00bb4.26.0&Prime; _module_preset=\u00a0\u00bbdefault\u00a0\u00bb module_alignment=\u00a0\u00bbcenter\u00a0\u00bb custom_margin=\u00a0\u00bb0px|0px|0px|0px|false|false\u00a0\u00bb custom_padding=\u00a0\u00bb0px|0px|0px|0px|false|false\u00a0\u00bb locked=\u00a0\u00bboff\u00a0\u00bb global_colors_info=\u00a0\u00bb{}\u00a0\u00bb theme_builder_area=\u00a0\u00bbpost_content\u00a0\u00bb][et_pb_column type=\u00a0\u00bb2_5&Prime; _builder_version=\u00a0\u00bb4.26.0&Prime; _module_preset=\u00a0\u00bbdefault\u00a0\u00bb global_colors_info=\u00a0\u00bb{}\u00a0\u00bb theme_builder_area=\u00a0\u00bbpost_content\u00a0\u00bb][et_pb_text admin_label=\u00a0\u00bbTexte\u00a0\u00bb _builder_version=\u00a0\u00bb4.27.4&Prime; _module_preset=\u00a0\u00bb5ff55506-da7d-4dd7-b409-9d62c7203201&Prime; text_font=\u00a0\u00bbInter||||||||\u00a0\u00bb text_text_color=\u00a0\u00bb#FFFFFF\u00a0\u00bb text_font_size=\u00a0\u00bb16px\u00a0\u00bb text_line_height=\u00a0\u00bb1.8em\u00a0\u00bb link_text_color=\u00a0\u00bb#FF5D67&Prime; text_font_size_tablet=\u00a0\u00bb15px\u00a0\u00bb text_font_size_phone=\u00a0\u00bb14px\u00a0\u00bb text_font_size_last_edited=\u00a0\u00bbon|phone\u00a0\u00bb header_font_size_tablet=\u00a0\u00bb55px\u00a0\u00bb header_font_size_last_edited=\u00a0\u00bboff|desktop\u00a0\u00bb global_colors_info=\u00a0\u00bb{}\u00a0\u00bb theme_builder_area=\u00a0\u00bbpost_content\u00a0\u00bb]<\/p>\n<p>Conf\u00e9rence le 13 septembre 2025<\/p>\n<p>[\/et_pb_text][et_pb_text admin_label=\u00a0\u00bbTexte\u00a0\u00bb _builder_version=\u00a0\u00bb4.27.4&Prime; _module_preset=\u00a0\u00bb5ff55506-da7d-4dd7-b409-9d62c7203201&Prime; text_font=\u00a0\u00bbInter||||||||\u00a0\u00bb text_text_color=\u00a0\u00bb#15414a\u00a0\u00bb text_font_size=\u00a0\u00bb16px\u00a0\u00bb text_line_height=\u00a0\u00bb1.8em\u00a0\u00bb link_text_color=\u00a0\u00bb#FF5D67&Prime; header_3_font=\u00a0\u00bbInter||||||||\u00a0\u00bb header_3_text_color=\u00a0\u00bb#FFFFFF\u00a0\u00bb header_3_font_size=\u00a0\u00bb14px\u00a0\u00bb custom_margin=\u00a0\u00bb||10px||false|false\u00a0\u00bb text_font_size_tablet=\u00a0\u00bb15px\u00a0\u00bb text_font_size_phone=\u00a0\u00bb14px\u00a0\u00bb text_font_size_last_edited=\u00a0\u00bbon|phone\u00a0\u00bb header_font_size_tablet=\u00a0\u00bb55px\u00a0\u00bb header_font_size_last_edited=\u00a0\u00bboff|desktop\u00a0\u00bb global_colors_info=\u00a0\u00bb{%22gcid-8b305f9d-4844-4604-ba06-445166ebe5d6%22:%91%22header_3_text_color%22%93}\u00a0\u00bb theme_builder_area=\u00a0\u00bbpost_content\u00a0\u00bb]<\/p>\n<h3><span style=\"color: #ff6600;\">Avec <span class=\"OYPEnA text-decoration-none text-strikethrough-none\">Jean Marie Dubois<\/span><\/span><\/h3>\n<p>[\/et_pb_text][\/et_pb_column][et_pb_column type=\u00a0\u00bb3_5&Prime; _builder_version=\u00a0\u00bb4.26.0&Prime; _module_preset=\u00a0\u00bbdefault\u00a0\u00bb global_colors_info=\u00a0\u00bb{}\u00a0\u00bb theme_builder_area=\u00a0\u00bbpost_content\u00a0\u00bb][et_pb_text admin_label=\u00a0\u00bbTexte\u00a0\u00bb _builder_version=\u00a0\u00bb4.26.0&Prime; _dynamic_attributes=\u00a0\u00bbcontent\u00a0\u00bb _module_preset=\u00a0\u00bbe864d11f-3dab-4fa3-ac06-4f0e1a260807&Prime; text_font=\u00a0\u00bbInter||||||||\u00a0\u00bb text_text_color=\u00a0\u00bb#FFFFFF\u00a0\u00bb text_font_size=\u00a0\u00bb35px\u00a0\u00bb text_line_height=\u00a0\u00bb1.8em\u00a0\u00bb link_text_color=\u00a0\u00bb#FF5D67&Prime; text_font_size_tablet=\u00a0\u00bb15px\u00a0\u00bb text_font_size_phone=\u00a0\u00bb14px\u00a0\u00bb text_font_size_last_edited=\u00a0\u00bbon|phone\u00a0\u00bb text_text_shadow_style=\u00a0\u00bbpreset3&Prime; global_colors_info=\u00a0\u00bb{}\u00a0\u00bb theme_builder_area=\u00a0\u00bbpost_content\u00a0\u00bb]@ET-DC@eyJkeW5hbWljIjp0cnVlLCJjb250ZW50IjoicG9zdF90aXRsZSIsInNldHRpbmdzIjp7ImJlZm9yZSI6IiIsImFmdGVyIjoiIn19@[\/et_pb_text][\/et_pb_column][\/et_pb_row][et_pb_row column_structure=\u00a0\u00bb3_5,2_5&Prime; _builder_version=\u00a0\u00bb4.27.4&Prime; _module_preset=\u00a0\u00bbdefault\u00a0\u00bb background_color=\u00a0\u00bbrgba(0,0,0,0.32)\u00a0\u00bb background_image=\u00a0\u00bbhttps:\/\/utl-durance-provence.com\/wp-content\/uploads\/2025\/07\/Formation_histoire_art_Chapelle_peipin.jpg\u00a0\u00bb background_blend=\u00a0\u00bbmultiply\u00a0\u00bb min_height=\u00a0\u00bb238.6px\u00a0\u00bb global_colors_info=\u00a0\u00bb{}\u00a0\u00bb theme_builder_area=\u00a0\u00bbpost_content\u00a0\u00bb][et_pb_column type=\u00a0\u00bb3_5&Prime; _builder_version=\u00a0\u00bb4.16&Prime; _module_preset=\u00a0\u00bbdefault\u00a0\u00bb custom_padding=\u00a0\u00bb10%||||false|false\u00a0\u00bb global_colors_info=\u00a0\u00bb{}\u00a0\u00bb theme_builder_area=\u00a0\u00bbpost_content\u00a0\u00bb][\/et_pb_column][et_pb_column type=\u00a0\u00bb2_5&Prime; _builder_version=\u00a0\u00bb4.16&Prime; _module_preset=\u00a0\u00bbdefault\u00a0\u00bb global_colors_info=\u00a0\u00bb{}\u00a0\u00bb theme_builder_area=\u00a0\u00bbpost_content\u00a0\u00bb][\/et_pb_column][\/et_pb_row][et_pb_row _builder_version=\u00a0\u00bb4.16&Prime; _module_preset=\u00a0\u00bbdefault\u00a0\u00bb global_colors_info=\u00a0\u00bb{}\u00a0\u00bb theme_builder_area=\u00a0\u00bbpost_content\u00a0\u00bb][et_pb_column type=\u00a0\u00bb4_4&Prime; _builder_version=\u00a0\u00bb4.16&Prime; _module_preset=\u00a0\u00bbdefault\u00a0\u00bb global_colors_info=\u00a0\u00bb{}\u00a0\u00bb theme_builder_area=\u00a0\u00bbpost_content\u00a0\u00bb][et_pb_text admin_label=\u00a0\u00bbTexte\u00a0\u00bb _builder_version=\u00a0\u00bb4.16&Prime; _module_preset=\u00a0\u00bb41d5859c-fbaa-458a-88e4-5d886857f235&Prime; text_font=\u00a0\u00bbInter||||||||\u00a0\u00bb text_text_color=\u00a0\u00bb#FFFFFF\u00a0\u00bb text_font_size=\u00a0\u00bb18px\u00a0\u00bb text_line_height=\u00a0\u00bb1.8em\u00a0\u00bb text_font_size_tablet=\u00a0\u00bb16px\u00a0\u00bb text_font_size_phone=\u00a0\u00bb14px\u00a0\u00bb text_font_size_last_edited=\u00a0\u00bbon|phone\u00a0\u00bb global_colors_info=\u00a0\u00bb{}\u00a0\u00bb theme_builder_area=\u00a0\u00bbpost_content\u00a0\u00bb]<\/p>\n<p>L&rsquo;histoire de l&rsquo;art poss\u00e8de mille visages. J&rsquo;ai eu la chance d&rsquo;\u00e9tudier cela durant de nombreuses ann\u00e9es, et de devenir journaliste culturel afin de transmettre au plus grand nombre ces connaissances. Je propose diff\u00e9rents cours abordables \u00e0 tous, sur des sujets tr\u00e8s vari\u00e9s\u00a0: architecture, art des jardins, sociologie de l&rsquo;art, apprendre \u00e0 regarder et \u00e0 \u00ab\u00a0d\u00e9coder\u00a0\u00bb une \u0153uvre d&rsquo;art, r\u00e9flexion sur le monde de l&rsquo;art, etc.<\/p>\n<p>Ma volont\u00e9 est de susciter la curiosit\u00e9 de chacun, de donner envie de poser des questions, d&rsquo;oser parfois pousser les portes des mus\u00e9es, des galeries, etc. Des bases pour aller plus loin dans ce monde prodigieux.<\/p>\n<p>Ma conf\u00e9rence portera sur l&rsquo;histoire de L&rsquo;ancien ch\u00e2teau de Peipin, sa chapelle sans oublier l&rsquo;histoire et les liens avec la famille de Castellane<\/p>\n<p><i><\/i><\/p>\n<p>[\/et_pb_text][\/et_pb_column][\/et_pb_row][et_pb_row column_structure=\u00a0\u00bb1_3,1_3,1_3&Prime; _builder_version=\u00a0\u00bb4.23&Prime; _module_preset=\u00a0\u00bbdefault\u00a0\u00bb global_colors_info=\u00a0\u00bb{}\u00a0\u00bb theme_builder_area=\u00a0\u00bbpost_content\u00a0\u00bb][et_pb_column type=\u00a0\u00bb1_3&Prime; _builder_version=\u00a0\u00bb4.23&Prime; _module_preset=\u00a0\u00bbdefault\u00a0\u00bb global_colors_info=\u00a0\u00bb{}\u00a0\u00bb theme_builder_area=\u00a0\u00bbpost_content\u00a0\u00bb][\/et_pb_column][et_pb_column type=\u00a0\u00bb1_3&Prime; _builder_version=\u00a0\u00bb4.23&Prime; _module_preset=\u00a0\u00bbdefault\u00a0\u00bb global_colors_info=\u00a0\u00bb{}\u00a0\u00bb theme_builder_area=\u00a0\u00bbpost_content\u00a0\u00bb][\/et_pb_column][et_pb_column type=\u00a0\u00bb1_3&Prime; _builder_version=\u00a0\u00bb4.23&Prime; _module_preset=\u00a0\u00bbdefault\u00a0\u00bb global_colors_info=\u00a0\u00bb{}\u00a0\u00bb theme_builder_area=\u00a0\u00bbpost_content\u00a0\u00bb][\/et_pb_column][\/et_pb_row][et_pb_row _builder_version=\u00a0\u00bb4.23&Prime; _module_preset=\u00a0\u00bbdefault\u00a0\u00bb global_colors_info=\u00a0\u00bb{}\u00a0\u00bb theme_builder_area=\u00a0\u00bbpost_content\u00a0\u00bb][et_pb_column type=\u00a0\u00bb4_4&Prime; _builder_version=\u00a0\u00bb4.23&Prime; _module_preset=\u00a0\u00bbdefault\u00a0\u00bb global_colors_info=\u00a0\u00bb{}\u00a0\u00bb theme_builder_area=\u00a0\u00bbpost_content\u00a0\u00bb][et_pb_text _builder_version=\u00a0\u00bb4.23&Prime; _module_preset=\u00a0\u00bbdefault\u00a0\u00bb global_colors_info=\u00a0\u00bb{}\u00a0\u00bb theme_builder_area=\u00a0\u00bbpost_content\u00a0\u00bb]<\/p>\n<p class=\"cvGsUA direction-ltr align-start para-style-body\"><span style=\"color: #ffffff;\"><strong><span style=\"text-decoration: underline;\"><span class=\"OYPEnA text-decoration-underline text-strikethrough-none\">Date, Horaires et Tarifs <\/span><span class=\"OYPEnA text-strikethrough-none text-decoration-none\">\u00a0:<\/span><\/span><\/strong><span class=\"OYPEnA text-strikethrough-none text-decoration-none white-space-prewrap\"> <\/span><\/span><\/p>\n<p class=\"cvGsUA direction-ltr align-start para-style-body\"><span style=\"color: #ffffff;\"><span class=\"OYPEnA text-decoration-none text-strikethrough-none\">Conf\u00e9rence : Samedi 13 septembre 2025 de 14h \u00e0 16h<\/span><\/span><\/p>\n<p class=\"cvGsUA direction-ltr align-start para-style-body\"><strong>Tarif : Gratuit pour les adh\u00e9rents, 15\u20ac pour les non adh\u00e9rents<br \/>Inscription aupr\u00e8s de l&rsquo;UTL : 07 48 77 99 93 ou <a href=\"mailto:utlduranceprovence04@gmail.com\">utlduranceprovence04@gmail.com<\/a><\/strong><span style=\"color: #ffffff;\"><span class=\"OYPEnA text-decoration-none text-strikethrough-none\"><\/span><\/span><\/p>\n<p class=\"cvGsUA direction-ltr align-start para-style-body\"><span style=\"color: #ffffff;\"><span class=\"OYPEnA text-decoration-none text-strikethrough-none\"><\/span><\/span><\/p>\n<p>[\/et_pb_text][\/et_pb_column][\/et_pb_row][\/et_pb_section]<\/p>\n","protected":false},"excerpt":{"rendered":"<p>Conf\u00e9rence le 13 septembre 2025Avec Jean Marie DuboisL&rsquo;histoire de l&rsquo;art poss\u00e8de mille visages. J&rsquo;ai eu la chance d&rsquo;\u00e9tudier cela durant de nombreuses ann\u00e9es, et de devenir journaliste culturel afin de transmettre au plus grand nombre ces connaissances. Je propose diff\u00e9rents cours abordables \u00e0 tous, sur des sujets tr\u00e8s vari\u00e9s\u00a0: architecture, art des jardins, sociologie de [&hellip;]<\/p>\n","protected":false},"author":1,"featured_media":1296,"comment_status":"closed","ping_status":"closed","sticky":false,"template":"","format":"standard","meta":{"_et_pb_use_builder":"on","_et_pb_old_content":"","_et_gb_content_width":"","_jetpack_memberships_contains_paid_content":false,"footnotes":""},"categories":[13],"tags":[],"class_list":["post-1378","post","type-post","status-publish","format-standard","has-post-thumbnail","hentry","category-conference-realisee"],"yoast_head":"<!-- This site is optimized with the Yoast SEO plugin v27.4 - https:\/\/yoast.com\/product\/yoast-seo-wordpress\/ -->\n<title>Histoire de l&#039;Art - UTL Durance Provence<\/title>\n<meta name=\"robots\" content=\"index, follow, max-snippet:-1, max-image-preview:large, max-video-preview:-1\" \/>\n<link rel=\"canonical\" href=\"https:\/\/utl-durance-provence.com\/?p=1378\" \/>\n<meta property=\"og:locale\" content=\"fr_FR\" \/>\n<meta property=\"og:type\" content=\"article\" \/>\n<meta property=\"og:title\" content=\"Histoire de l&#039;Art - UTL Durance Provence\" \/>\n<meta property=\"og:description\" content=\"Conf\u00e9rence le 13 septembre 2025Avec Jean Marie DuboisL&#039;histoire de l&#039;art poss\u00e8de mille visages. J&#039;ai eu la chance d&#039;\u00e9tudier cela durant de nombreuses ann\u00e9es, et de devenir journaliste culturel afin de transmettre au plus grand nombre ces connaissances. Je propose diff\u00e9rents cours abordables \u00e0 tous, sur des sujets tr\u00e8s vari\u00e9s\u00a0: architecture, art des jardins, sociologie de [&hellip;]\" \/>\n<meta property=\"og:url\" content=\"https:\/\/utl-durance-provence.com\/?p=1378\" \/>\n<meta property=\"og:site_name\" content=\"UTL Durance Provence\" \/>\n<meta property=\"article:published_time\" content=\"2025-07-31T15:13:29+00:00\" \/>\n<meta property=\"article:modified_time\" content=\"2026-03-12T07:56:09+00:00\" \/>\n<meta property=\"og:image\" content=\"https:\/\/utl-durance-provence.com\/wp-content\/uploads\/2025\/07\/Formation_histoire_art_Chapelle_peipin.jpg\" \/>\n\t<meta property=\"og:image:width\" content=\"2048\" \/>\n\t<meta property=\"og:image:height\" content=\"2048\" \/>\n\t<meta property=\"og:image:type\" content=\"image\/jpeg\" \/>\n<meta name=\"author\" content=\"admin\" \/>\n<meta name=\"twitter:card\" content=\"summary_large_image\" \/>\n<meta name=\"twitter:label1\" content=\"\u00c9crit par\" \/>\n\t<meta name=\"twitter:data1\" content=\"admin\" \/>\n\t<meta name=\"twitter:label2\" content=\"Dur\u00e9e de lecture estim\u00e9e\" \/>\n\t<meta name=\"twitter:data2\" content=\"1 minute\" \/>\n<script type=\"application\/ld+json\" class=\"yoast-schema-graph\">{\"@context\":\"https:\\\/\\\/schema.org\",\"@graph\":[{\"@type\":\"Article\",\"@id\":\"https:\\\/\\\/utl-durance-provence.com\\\/?p=1378#article\",\"isPartOf\":{\"@id\":\"https:\\\/\\\/utl-durance-provence.com\\\/?p=1378\"},\"author\":{\"name\":\"admin\",\"@id\":\"https:\\\/\\\/utl-durance-provence.com\\\/#\\\/schema\\\/person\\\/7f66f57fb7e4df46693a540fd9e3dae8\"},\"headline\":\"Histoire de l&rsquo;Art\",\"datePublished\":\"2025-07-31T15:13:29+00:00\",\"dateModified\":\"2026-03-12T07:56:09+00:00\",\"mainEntityOfPage\":{\"@id\":\"https:\\\/\\\/utl-durance-provence.com\\\/?p=1378\"},\"wordCount\":915,\"image\":{\"@id\":\"https:\\\/\\\/utl-durance-provence.com\\\/?p=1378#primaryimage\"},\"thumbnailUrl\":\"https:\\\/\\\/utl-durance-provence.com\\\/wp-content\\\/uploads\\\/2025\\\/07\\\/Formation_histoire_art_Chapelle_peipin.jpg\",\"articleSection\":[\"Conf\u00e9rence r\u00e9alis\u00e9e\"],\"inLanguage\":\"fr-FR\"},{\"@type\":\"WebPage\",\"@id\":\"https:\\\/\\\/utl-durance-provence.com\\\/?p=1378\",\"url\":\"https:\\\/\\\/utl-durance-provence.com\\\/?p=1378\",\"name\":\"Histoire de l'Art - UTL Durance Provence\",\"isPartOf\":{\"@id\":\"https:\\\/\\\/utl-durance-provence.com\\\/#website\"},\"primaryImageOfPage\":{\"@id\":\"https:\\\/\\\/utl-durance-provence.com\\\/?p=1378#primaryimage\"},\"image\":{\"@id\":\"https:\\\/\\\/utl-durance-provence.com\\\/?p=1378#primaryimage\"},\"thumbnailUrl\":\"https:\\\/\\\/utl-durance-provence.com\\\/wp-content\\\/uploads\\\/2025\\\/07\\\/Formation_histoire_art_Chapelle_peipin.jpg\",\"datePublished\":\"2025-07-31T15:13:29+00:00\",\"dateModified\":\"2026-03-12T07:56:09+00:00\",\"author\":{\"@id\":\"https:\\\/\\\/utl-durance-provence.com\\\/#\\\/schema\\\/person\\\/7f66f57fb7e4df46693a540fd9e3dae8\"},\"breadcrumb\":{\"@id\":\"https:\\\/\\\/utl-durance-provence.com\\\/?p=1378#breadcrumb\"},\"inLanguage\":\"fr-FR\",\"potentialAction\":[{\"@type\":\"ReadAction\",\"target\":[\"https:\\\/\\\/utl-durance-provence.com\\\/?p=1378\"]}]},{\"@type\":\"ImageObject\",\"inLanguage\":\"fr-FR\",\"@id\":\"https:\\\/\\\/utl-durance-provence.com\\\/?p=1378#primaryimage\",\"url\":\"https:\\\/\\\/utl-durance-provence.com\\\/wp-content\\\/uploads\\\/2025\\\/07\\\/Formation_histoire_art_Chapelle_peipin.jpg\",\"contentUrl\":\"https:\\\/\\\/utl-durance-provence.com\\\/wp-content\\\/uploads\\\/2025\\\/07\\\/Formation_histoire_art_Chapelle_peipin.jpg\",\"width\":2048,\"height\":2048},{\"@type\":\"BreadcrumbList\",\"@id\":\"https:\\\/\\\/utl-durance-provence.com\\\/?p=1378#breadcrumb\",\"itemListElement\":[{\"@type\":\"ListItem\",\"position\":1,\"name\":\"Accueil\",\"item\":\"https:\\\/\\\/utl-durance-provence.com\\\/\"},{\"@type\":\"ListItem\",\"position\":2,\"name\":\"Histoire de l&rsquo;Art\"}]},{\"@type\":\"WebSite\",\"@id\":\"https:\\\/\\\/utl-durance-provence.com\\\/#website\",\"url\":\"https:\\\/\\\/utl-durance-provence.com\\\/\",\"name\":\"UTL Durance Provence\",\"description\":\"Se Former, Savoir, Echanger, Apprendre\",\"potentialAction\":[{\"@type\":\"SearchAction\",\"target\":{\"@type\":\"EntryPoint\",\"urlTemplate\":\"https:\\\/\\\/utl-durance-provence.com\\\/?s={search_term_string}\"},\"query-input\":{\"@type\":\"PropertyValueSpecification\",\"valueRequired\":true,\"valueName\":\"search_term_string\"}}],\"inLanguage\":\"fr-FR\"},{\"@type\":\"Person\",\"@id\":\"https:\\\/\\\/utl-durance-provence.com\\\/#\\\/schema\\\/person\\\/7f66f57fb7e4df46693a540fd9e3dae8\",\"name\":\"admin\",\"sameAs\":[\"https:\\\/\\\/utl-durance-provence.com\"],\"url\":\"https:\\\/\\\/utl-durance-provence.com\\\/?author=1\"}]}<\/script>\n<!-- \/ Yoast SEO plugin. -->","yoast_head_json":{"title":"Histoire de l'Art - UTL Durance Provence","robots":{"index":"index","follow":"follow","max-snippet":"max-snippet:-1","max-image-preview":"max-image-preview:large","max-video-preview":"max-video-preview:-1"},"canonical":"https:\/\/utl-durance-provence.com\/?p=1378","og_locale":"fr_FR","og_type":"article","og_title":"Histoire de l'Art - UTL Durance Provence","og_description":"Conf\u00e9rence le 13 septembre 2025Avec Jean Marie DuboisL'histoire de l'art poss\u00e8de mille visages. J'ai eu la chance d'\u00e9tudier cela durant de nombreuses ann\u00e9es, et de devenir journaliste culturel afin de transmettre au plus grand nombre ces connaissances. Je propose diff\u00e9rents cours abordables \u00e0 tous, sur des sujets tr\u00e8s vari\u00e9s\u00a0: architecture, art des jardins, sociologie de [&hellip;]","og_url":"https:\/\/utl-durance-provence.com\/?p=1378","og_site_name":"UTL Durance Provence","article_published_time":"2025-07-31T15:13:29+00:00","article_modified_time":"2026-03-12T07:56:09+00:00","og_image":[{"width":2048,"height":2048,"url":"https:\/\/utl-durance-provence.com\/wp-content\/uploads\/2025\/07\/Formation_histoire_art_Chapelle_peipin.jpg","type":"image\/jpeg"}],"author":"admin","twitter_card":"summary_large_image","twitter_misc":{"\u00c9crit par":"admin","Dur\u00e9e de lecture estim\u00e9e":"1 minute"},"schema":{"@context":"https:\/\/schema.org","@graph":[{"@type":"Article","@id":"https:\/\/utl-durance-provence.com\/?p=1378#article","isPartOf":{"@id":"https:\/\/utl-durance-provence.com\/?p=1378"},"author":{"name":"admin","@id":"https:\/\/utl-durance-provence.com\/#\/schema\/person\/7f66f57fb7e4df46693a540fd9e3dae8"},"headline":"Histoire de l&rsquo;Art","datePublished":"2025-07-31T15:13:29+00:00","dateModified":"2026-03-12T07:56:09+00:00","mainEntityOfPage":{"@id":"https:\/\/utl-durance-provence.com\/?p=1378"},"wordCount":915,"image":{"@id":"https:\/\/utl-durance-provence.com\/?p=1378#primaryimage"},"thumbnailUrl":"https:\/\/utl-durance-provence.com\/wp-content\/uploads\/2025\/07\/Formation_histoire_art_Chapelle_peipin.jpg","articleSection":["Conf\u00e9rence r\u00e9alis\u00e9e"],"inLanguage":"fr-FR"},{"@type":"WebPage","@id":"https:\/\/utl-durance-provence.com\/?p=1378","url":"https:\/\/utl-durance-provence.com\/?p=1378","name":"Histoire de l'Art - UTL Durance Provence","isPartOf":{"@id":"https:\/\/utl-durance-provence.com\/#website"},"primaryImageOfPage":{"@id":"https:\/\/utl-durance-provence.com\/?p=1378#primaryimage"},"image":{"@id":"https:\/\/utl-durance-provence.com\/?p=1378#primaryimage"},"thumbnailUrl":"https:\/\/utl-durance-provence.com\/wp-content\/uploads\/2025\/07\/Formation_histoire_art_Chapelle_peipin.jpg","datePublished":"2025-07-31T15:13:29+00:00","dateModified":"2026-03-12T07:56:09+00:00","author":{"@id":"https:\/\/utl-durance-provence.com\/#\/schema\/person\/7f66f57fb7e4df46693a540fd9e3dae8"},"breadcrumb":{"@id":"https:\/\/utl-durance-provence.com\/?p=1378#breadcrumb"},"inLanguage":"fr-FR","potentialAction":[{"@type":"ReadAction","target":["https:\/\/utl-durance-provence.com\/?p=1378"]}]},{"@type":"ImageObject","inLanguage":"fr-FR","@id":"https:\/\/utl-durance-provence.com\/?p=1378#primaryimage","url":"https:\/\/utl-durance-provence.com\/wp-content\/uploads\/2025\/07\/Formation_histoire_art_Chapelle_peipin.jpg","contentUrl":"https:\/\/utl-durance-provence.com\/wp-content\/uploads\/2025\/07\/Formation_histoire_art_Chapelle_peipin.jpg","width":2048,"height":2048},{"@type":"BreadcrumbList","@id":"https:\/\/utl-durance-provence.com\/?p=1378#breadcrumb","itemListElement":[{"@type":"ListItem","position":1,"name":"Accueil","item":"https:\/\/utl-durance-provence.com\/"},{"@type":"ListItem","position":2,"name":"Histoire de l&rsquo;Art"}]},{"@type":"WebSite","@id":"https:\/\/utl-durance-provence.com\/#website","url":"https:\/\/utl-durance-provence.com\/","name":"UTL Durance Provence","description":"Se Former, Savoir, Echanger, Apprendre","potentialAction":[{"@type":"SearchAction","target":{"@type":"EntryPoint","urlTemplate":"https:\/\/utl-durance-provence.com\/?s={search_term_string}"},"query-input":{"@type":"PropertyValueSpecification","valueRequired":true,"valueName":"search_term_string"}}],"inLanguage":"fr-FR"},{"@type":"Person","@id":"https:\/\/utl-durance-provence.com\/#\/schema\/person\/7f66f57fb7e4df46693a540fd9e3dae8","name":"admin","sameAs":["https:\/\/utl-durance-provence.com"],"url":"https:\/\/utl-durance-provence.com\/?author=1"}]}},"jetpack_featured_media_url":"https:\/\/utl-durance-provence.com\/wp-content\/uploads\/2025\/07\/Formation_histoire_art_Chapelle_peipin.jpg","jetpack_sharing_enabled":true,"_links":{"self":[{"href":"https:\/\/utl-durance-provence.com\/index.php?rest_route=\/wp\/v2\/posts\/1378","targetHints":{"allow":["GET"]}}],"collection":[{"href":"https:\/\/utl-durance-provence.com\/index.php?rest_route=\/wp\/v2\/posts"}],"about":[{"href":"https:\/\/utl-durance-provence.com\/index.php?rest_route=\/wp\/v2\/types\/post"}],"author":[{"embeddable":true,"href":"https:\/\/utl-durance-provence.com\/index.php?rest_route=\/wp\/v2\/users\/1"}],"replies":[{"embeddable":true,"href":"https:\/\/utl-durance-provence.com\/index.php?rest_route=%2Fwp%2Fv2%2Fcomments&post=1378"}],"version-history":[{"count":3,"href":"https:\/\/utl-durance-provence.com\/index.php?rest_route=\/wp\/v2\/posts\/1378\/revisions"}],"predecessor-version":[{"id":1382,"href":"https:\/\/utl-durance-provence.com\/index.php?rest_route=\/wp\/v2\/posts\/1378\/revisions\/1382"}],"wp:featuredmedia":[{"embeddable":true,"href":"https:\/\/utl-durance-provence.com\/index.php?rest_route=\/wp\/v2\/media\/1296"}],"wp:attachment":[{"href":"https:\/\/utl-durance-provence.com\/index.php?rest_route=%2Fwp%2Fv2%2Fmedia&parent=1378"}],"wp:term":[{"taxonomy":"category","embeddable":true,"href":"https:\/\/utl-durance-provence.com\/index.php?rest_route=%2Fwp%2Fv2%2Fcategories&post=1378"},{"taxonomy":"post_tag","embeddable":true,"href":"https:\/\/utl-durance-provence.com\/index.php?rest_route=%2Fwp%2Fv2%2Ftags&post=1378"}],"curies":[{"name":"wp","href":"https:\/\/api.w.org\/{rel}","templated":true}]}}