{"id":1372,"date":"2025-07-31T15:00:22","date_gmt":"2025-07-31T15:00:22","guid":{"rendered":"https:\/\/utl-durance-provence.com\/?p=1372"},"modified":"2026-03-12T07:55:33","modified_gmt":"2026-03-12T07:55:33","slug":"les-trognes-et-le-vers-a-soie","status":"publish","type":"post","link":"https:\/\/utl-durance-provence.com\/?p=1372","title":{"rendered":"Les trognes et le ver \u00e0 soie"},"content":{"rendered":"<p>[et_pb_section fb_built=\u00a0\u00bb1&Prime; admin_label=\u00a0\u00bbBook\u00a0\u00bb _builder_version=\u00a0\u00bb4.23&Prime; _module_preset=\u00a0\u00bbdefault\u00a0\u00bb background_color=\u00a0\u00bb#480468&Prime; locked=\u00a0\u00bboff\u00a0\u00bb global_colors_info=\u00a0\u00bb{%22gcid-8b305f9d-4844-4604-ba06-445166ebe5d6%22:%91%22background_color%22%93,%22gcid-bafd0c31-2a11-4c7d-b3a8-caae4a4218d9%22:%91%22background_color%22%93}\u00a0\u00bb theme_builder_area=\u00a0\u00bbpost_content\u00a0\u00bb][et_pb_row column_structure=\u00a0\u00bb2_5,3_5&Prime; _builder_version=\u00a0\u00bb4.26.0&Prime; _module_preset=\u00a0\u00bbdefault\u00a0\u00bb module_alignment=\u00a0\u00bbcenter\u00a0\u00bb custom_margin=\u00a0\u00bb0px|0px|0px|0px|false|false\u00a0\u00bb custom_padding=\u00a0\u00bb0px|0px|0px|0px|false|false\u00a0\u00bb locked=\u00a0\u00bboff\u00a0\u00bb global_colors_info=\u00a0\u00bb{}\u00a0\u00bb theme_builder_area=\u00a0\u00bbpost_content\u00a0\u00bb][et_pb_column type=\u00a0\u00bb2_5&Prime; _builder_version=\u00a0\u00bb4.26.0&Prime; _module_preset=\u00a0\u00bbdefault\u00a0\u00bb global_colors_info=\u00a0\u00bb{}\u00a0\u00bb theme_builder_area=\u00a0\u00bbpost_content\u00a0\u00bb][et_pb_text admin_label=\u00a0\u00bbTexte\u00a0\u00bb _builder_version=\u00a0\u00bb4.27.4&Prime; _module_preset=\u00a0\u00bb5ff55506-da7d-4dd7-b409-9d62c7203201&Prime; text_font=\u00a0\u00bbInter||||||||\u00a0\u00bb text_text_color=\u00a0\u00bb#FFFFFF\u00a0\u00bb text_font_size=\u00a0\u00bb16px\u00a0\u00bb text_line_height=\u00a0\u00bb1.8em\u00a0\u00bb link_text_color=\u00a0\u00bb#FF5D67&Prime; text_font_size_tablet=\u00a0\u00bb15px\u00a0\u00bb text_font_size_phone=\u00a0\u00bb14px\u00a0\u00bb text_font_size_last_edited=\u00a0\u00bbon|phone\u00a0\u00bb header_font_size_tablet=\u00a0\u00bb55px\u00a0\u00bb header_font_size_last_edited=\u00a0\u00bboff|desktop\u00a0\u00bb global_colors_info=\u00a0\u00bb{}\u00a0\u00bb theme_builder_area=\u00a0\u00bbpost_content\u00a0\u00bb]<\/p>\n<p>Conf\u00e9rence le 10 octobre 2025<\/p>\n<p>[\/et_pb_text][et_pb_text admin_label=\u00a0\u00bbTexte\u00a0\u00bb _builder_version=\u00a0\u00bb4.27.4&Prime; _module_preset=\u00a0\u00bb5ff55506-da7d-4dd7-b409-9d62c7203201&Prime; text_font=\u00a0\u00bbInter||||||||\u00a0\u00bb text_text_color=\u00a0\u00bb#15414a\u00a0\u00bb text_font_size=\u00a0\u00bb16px\u00a0\u00bb text_line_height=\u00a0\u00bb1.8em\u00a0\u00bb link_text_color=\u00a0\u00bb#FF5D67&Prime; header_3_font=\u00a0\u00bbInter||||||||\u00a0\u00bb header_3_text_color=\u00a0\u00bb#FFFFFF\u00a0\u00bb header_3_font_size=\u00a0\u00bb14px\u00a0\u00bb custom_margin=\u00a0\u00bb||10px||false|false\u00a0\u00bb text_font_size_tablet=\u00a0\u00bb15px\u00a0\u00bb text_font_size_phone=\u00a0\u00bb14px\u00a0\u00bb text_font_size_last_edited=\u00a0\u00bbon|phone\u00a0\u00bb header_font_size_tablet=\u00a0\u00bb55px\u00a0\u00bb header_font_size_last_edited=\u00a0\u00bboff|desktop\u00a0\u00bb global_colors_info=\u00a0\u00bb{%22gcid-8b305f9d-4844-4604-ba06-445166ebe5d6%22:%91%22header_3_text_color%22%93}\u00a0\u00bb theme_builder_area=\u00a0\u00bbpost_content\u00a0\u00bb]<\/p>\n<h3><span style=\"color: #ff6600;\">Avec <span class=\"OYPEnA text-decoration-none text-strikethrough-none\">Alain Br\u00e9mond<\/span><\/span><\/h3>\n<p>[\/et_pb_text][\/et_pb_column][et_pb_column type=\u00a0\u00bb3_5&Prime; _builder_version=\u00a0\u00bb4.26.0&Prime; _module_preset=\u00a0\u00bbdefault\u00a0\u00bb global_colors_info=\u00a0\u00bb{}\u00a0\u00bb theme_builder_area=\u00a0\u00bbpost_content\u00a0\u00bb][et_pb_text admin_label=\u00a0\u00bbTexte\u00a0\u00bb _builder_version=\u00a0\u00bb4.26.0&Prime; _dynamic_attributes=\u00a0\u00bbcontent\u00a0\u00bb _module_preset=\u00a0\u00bbe864d11f-3dab-4fa3-ac06-4f0e1a260807&Prime; text_font=\u00a0\u00bbInter||||||||\u00a0\u00bb text_text_color=\u00a0\u00bb#FFFFFF\u00a0\u00bb text_font_size=\u00a0\u00bb35px\u00a0\u00bb text_line_height=\u00a0\u00bb1.8em\u00a0\u00bb link_text_color=\u00a0\u00bb#FF5D67&Prime; text_font_size_tablet=\u00a0\u00bb15px\u00a0\u00bb text_font_size_phone=\u00a0\u00bb14px\u00a0\u00bb text_font_size_last_edited=\u00a0\u00bbon|phone\u00a0\u00bb text_text_shadow_style=\u00a0\u00bbpreset3&Prime; global_colors_info=\u00a0\u00bb{}\u00a0\u00bb theme_builder_area=\u00a0\u00bbpost_content\u00a0\u00bb]@ET-DC@eyJkeW5hbWljIjp0cnVlLCJjb250ZW50IjoicG9zdF90aXRsZSIsInNldHRpbmdzIjp7ImJlZm9yZSI6IiIsImFmdGVyIjoiIn19@[\/et_pb_text][\/et_pb_column][\/et_pb_row][et_pb_row column_structure=\u00a0\u00bb3_5,2_5&Prime; _builder_version=\u00a0\u00bb4.27.4&Prime; _module_preset=\u00a0\u00bbdefault\u00a0\u00bb background_color=\u00a0\u00bbrgba(0,0,0,0.32)\u00a0\u00bb background_image=\u00a0\u00bbhttps:\/\/utl-durance-provence.com\/wp-content\/uploads\/2025\/07\/Conference_Les_trognes_et_le_vers_a_soie_murier.jpg\u00a0\u00bb background_blend=\u00a0\u00bbmultiply\u00a0\u00bb min_height=\u00a0\u00bb238.6px\u00a0\u00bb global_colors_info=\u00a0\u00bb{}\u00a0\u00bb theme_builder_area=\u00a0\u00bbpost_content\u00a0\u00bb][et_pb_column type=\u00a0\u00bb3_5&Prime; _builder_version=\u00a0\u00bb4.16&Prime; _module_preset=\u00a0\u00bbdefault\u00a0\u00bb custom_padding=\u00a0\u00bb10%||||false|false\u00a0\u00bb global_colors_info=\u00a0\u00bb{}\u00a0\u00bb theme_builder_area=\u00a0\u00bbpost_content\u00a0\u00bb][\/et_pb_column][et_pb_column type=\u00a0\u00bb2_5&Prime; _builder_version=\u00a0\u00bb4.16&Prime; _module_preset=\u00a0\u00bbdefault\u00a0\u00bb global_colors_info=\u00a0\u00bb{}\u00a0\u00bb theme_builder_area=\u00a0\u00bbpost_content\u00a0\u00bb][\/et_pb_column][\/et_pb_row][et_pb_row _builder_version=\u00a0\u00bb4.27.4&Prime; _module_preset=\u00a0\u00bbdefault\u00a0\u00bb theme_builder_area=\u00a0\u00bbpost_content\u00a0\u00bb][et_pb_column _builder_version=\u00a0\u00bb4.27.4&Prime; _module_preset=\u00a0\u00bbdefault\u00a0\u00bb type=\u00a0\u00bb4_4&Prime; theme_builder_area=\u00a0\u00bbpost_content\u00a0\u00bb][et_pb_text _builder_version=\u00a0\u00bb4.27.4&Prime; _module_preset=\u00a0\u00bbdefault\u00a0\u00bb theme_builder_area=\u00a0\u00bbpost_content\u00a0\u00bb hover_enabled=\u00a0\u00bb0&Prime; sticky_enabled=\u00a0\u00bb0&Prime;]<\/p>\n<p style=\"text-align: center;\"><span style=\"font-size: x-large;\"><strong><span style=\"color: #e09900;\">Notre conf\u00e9rencier \u00e9tant souffrant, nous ne pouvons maintenir cette conf\u00e9rence qui sera reprogramm\u00e9 quand M. Bremond aura retrouv\u00e9 sa vitalit\u00e9.<\/span><\/strong><\/span><\/p>\n<p style=\"text-align: center;\"><span style=\"font-size: x-large;\"><strong><span style=\"color: #e09900;\">Nos vous prions de nous en excuser.<\/span><\/strong><\/span><\/p>\n<p style=\"text-align: center;\"><span style=\"font-size: x-large;\"><strong><span style=\"color: #e09900;\">Une autre conf\u00e9rence sera propos\u00e9 en remplacement d\u00e8s que nous aurons finalis\u00e9 notre choix !<\/span><\/strong><\/span><\/p>\n<p>[\/et_pb_text][\/et_pb_column][\/et_pb_row][et_pb_row _builder_version=\u00a0\u00bb4.16&Prime; _module_preset=\u00a0\u00bbdefault\u00a0\u00bb global_colors_info=\u00a0\u00bb{}\u00a0\u00bb theme_builder_area=\u00a0\u00bbpost_content\u00a0\u00bb][et_pb_column type=\u00a0\u00bb4_4&Prime; _builder_version=\u00a0\u00bb4.16&Prime; _module_preset=\u00a0\u00bbdefault\u00a0\u00bb global_colors_info=\u00a0\u00bb{}\u00a0\u00bb theme_builder_area=\u00a0\u00bbpost_content\u00a0\u00bb][et_pb_text admin_label=\u00a0\u00bbTexte\u00a0\u00bb _builder_version=\u00a0\u00bb4.16&Prime; _module_preset=\u00a0\u00bb41d5859c-fbaa-458a-88e4-5d886857f235&Prime; text_font=\u00a0\u00bbInter||||||||\u00a0\u00bb text_text_color=\u00a0\u00bb#FFFFFF\u00a0\u00bb text_font_size=\u00a0\u00bb18px\u00a0\u00bb text_line_height=\u00a0\u00bb1.8em\u00a0\u00bb text_font_size_tablet=\u00a0\u00bb16px\u00a0\u00bb text_font_size_phone=\u00a0\u00bb14px\u00a0\u00bb text_font_size_last_edited=\u00a0\u00bbon|phone\u00a0\u00bb global_colors_info=\u00a0\u00bb{}\u00a0\u00bb theme_builder_area=\u00a0\u00bbpost_content\u00a0\u00bb]<\/p>\n<p>\u00a0Ma conf\u00e9rence va d\u00e9crire l&rsquo;arriv\u00e9e du ver \u00e0 soie, donc des trognes, dans le pays de Forcalquier au 17\u00b0 si\u00e8cle.\u00a0(Il y a une marque lapidaire de 1691 sur une ancienne magnanerie et un murier blanc \u00e2g\u00e9 de 300 ans qui a \u00e9t\u00e9 plant\u00e9 \u00e0 10 m de celle-ci). Dans la vall\u00e9e du Jabron.<\/p>\n<p>Ensuite, Comment ma famille est devenue propri\u00e9taire de cette exploitation de s\u00e9riciculture \u00e0 partir de 1871.<\/p>\n<p>Enfin de l&rsquo;\u2019\u00e9levage du ver \u00e0 soie, p\u00e9riodicit\u00e9, m\u00e9thodes \u00e0 l\u2019\u0153uvre pour le nourrir et r\u00e9ussir \u00e0 en faire de la soie. (Mes souvenirs, t\u00e9moignages d\u2019anciens)<\/p>\n<p><span style=\"text-decoration: underline; font-size: x-large;\">Structure de ma conf\u00e9rence :\u00a0<\/span><\/p>\n<p><strong><u>L\u2019ELEVAGE DU VER A SOIE<\/u><\/strong><\/p>\n<ul>\n<li>\u00a0\u00a0\u00a0\u00a0\u00a0\u00a0\u00a0\u00a0\u00a0\u00a0\u00a0 Ma famille et le ver \u00e0 soie<\/li>\n<li>\u00a0\u00a0\u00a0\u00a0\u00a0\u00a0\u00a0\u00a0\u00a0\u00a0\u00a0 La magnanerie. Evolution au cours des si\u00e8cles.<\/li>\n<li>\u00a0\u00a0\u00a0\u00a0\u00a0\u00a0\u00a0\u00a0\u00a0\u00a0\u00a0 L\u2019\u00e9conomie du ver \u00e0 soie dans la Vall\u00e9e du Jabron et le pays de Forcalquier.<\/li>\n<li>\u00a0\u00a0\u00a0\u00a0\u00a0\u00a0\u00a0\u00a0\u00a0\u00a0\u00a0 P\u00e9riodicit\u00e9, le nourrir, \u2026 \u00a0<\/li>\n<li>\u00a0\u00a0\u00a0\u00a0\u00a0\u00a0\u00a0\u00a0\u00a0\u00a0\u00a0 Les contraintes et al\u00e9as.<\/li>\n<li>\u00a0\u00a0\u00a0\u00a0\u00a0\u00a0\u00a0\u00a0\u00a0\u00a0\u00a0 La fin de l\u2019aventure.<\/li>\n<\/ul>\n<p>\u00a0<strong><u>LA TROGNE.<\/u><\/strong><\/p>\n<p><u>A histoire de la trogne.<\/u><\/p>\n<p><u>B g\u00e9rer la trogne.<\/u><\/p>\n<ul>\n<li>\u00a0\u00a0\u00a0\u00a0\u00a0\u00a0\u00a0\u00a0\u00a0\u00a0\u00a0 La cr\u00e9er<\/li>\n<li>\u00a0\u00a0\u00a0\u00a0\u00a0\u00a0\u00a0\u00a0\u00a0\u00a0\u00a0 La maintenir<\/li>\n<li>\u00a0\u00a0\u00a0\u00a0\u00a0\u00a0\u00a0\u00a0\u00a0\u00a0\u00a0 Le cas de la reprise des vieilles trognes<\/li>\n<li>\u00a0\u00a0\u00a0\u00a0\u00a0\u00a0\u00a0\u00a0\u00a0\u00a0\u00a0 Comment exploiter la trogne\u00a0?<\/li>\n<\/ul>\n<p>&nbsp;<\/p>\n<p><strong><u>C les trognes et le ver \u00e0 soie\u00a0: aspects patrimoniaux.<\/u><\/strong><\/p>\n<ul>\n<li>\u00a0\u00a0\u00a0\u00a0\u00a0\u00a0\u00a0\u00a0\u00a0\u00a0\u00a0 Pourquoi le m\u00fbrier blanc\u00a0?<\/li>\n<li>\u00a0\u00a0\u00a0\u00a0\u00a0\u00a0\u00a0\u00a0\u00a0\u00a0\u00a0 Sa culture<\/li>\n<li>\u00a0\u00a0\u00a0\u00a0\u00a0\u00a0\u00a0\u00a0\u00a0\u00a0\u00a0 Comment et quand \u00ab\u00a0traire\u00a0\u00bb ses feuilles\u00a0? (c\u2019est le terme technique).<\/li>\n<li>\u00a0\u00a0\u00a0\u00a0\u00a0\u00a0\u00a0\u00a0\u00a0\u00a0\u00a0 Pourquoi trogner le m\u00fbrier blanc, est indispensable et obligatoire\u00a0?<\/li>\n<\/ul>\n<p>D<u> l\u2019agroforesterie\u00a0: l\u2019avenir.<\/u><\/p>\n<p><u>Conclusion :\u00a0<\/u>La trogne, c\u2019est un patrimoine <strong>ET<\/strong> une solution d\u2019avenir sur une plan\u00e8te \u00ab\u00a0finie\u00a0\u00bb.<\/p>\n<p>Questions r\u00e9ponses.<\/p>\n<p><i><\/i><\/p>\n<p>[\/et_pb_text][\/et_pb_column][\/et_pb_row][et_pb_row column_structure=\u00a0\u00bb1_3,1_3,1_3&Prime; _builder_version=\u00a0\u00bb4.23&Prime; _module_preset=\u00a0\u00bbdefault\u00a0\u00bb global_colors_info=\u00a0\u00bb{}\u00a0\u00bb theme_builder_area=\u00a0\u00bbpost_content\u00a0\u00bb][et_pb_column type=\u00a0\u00bb1_3&Prime; _builder_version=\u00a0\u00bb4.23&Prime; _module_preset=\u00a0\u00bbdefault\u00a0\u00bb global_colors_info=\u00a0\u00bb{}\u00a0\u00bb theme_builder_area=\u00a0\u00bbpost_content\u00a0\u00bb][\/et_pb_column][et_pb_column type=\u00a0\u00bb1_3&Prime; _builder_version=\u00a0\u00bb4.23&Prime; _module_preset=\u00a0\u00bbdefault\u00a0\u00bb global_colors_info=\u00a0\u00bb{}\u00a0\u00bb theme_builder_area=\u00a0\u00bbpost_content\u00a0\u00bb][et_pb_image src=\u00a0\u00bbhttps:\/\/utl-durance-provence.com\/wp-content\/uploads\/2025\/07\/Conference_Les_trognes_et_le_vers_a_soie.jpg\u00a0\u00bb title_text=\u00a0\u00bbConference_Les_trognes_et_le_vers_a_soie\u00a0\u00bb _builder_version=\u00a0\u00bb4.27.4&Prime; _module_preset=\u00a0\u00bbdefault\u00a0\u00bb global_colors_info=\u00a0\u00bb{}\u00a0\u00bb theme_builder_area=\u00a0\u00bbpost_content\u00a0\u00bb][\/et_pb_image][\/et_pb_column][et_pb_column type=\u00a0\u00bb1_3&Prime; _builder_version=\u00a0\u00bb4.23&Prime; _module_preset=\u00a0\u00bbdefault\u00a0\u00bb global_colors_info=\u00a0\u00bb{}\u00a0\u00bb theme_builder_area=\u00a0\u00bbpost_content\u00a0\u00bb][\/et_pb_column][\/et_pb_row][et_pb_row _builder_version=\u00a0\u00bb4.23&Prime; _module_preset=\u00a0\u00bbdefault\u00a0\u00bb global_colors_info=\u00a0\u00bb{}\u00a0\u00bb theme_builder_area=\u00a0\u00bbpost_content\u00a0\u00bb][et_pb_column type=\u00a0\u00bb4_4&Prime; _builder_version=\u00a0\u00bb4.23&Prime; _module_preset=\u00a0\u00bbdefault\u00a0\u00bb global_colors_info=\u00a0\u00bb{}\u00a0\u00bb theme_builder_area=\u00a0\u00bbpost_content\u00a0\u00bb][et_pb_text _builder_version=\u00a0\u00bb4.23&Prime; _module_preset=\u00a0\u00bbdefault\u00a0\u00bb global_colors_info=\u00a0\u00bb{}\u00a0\u00bb theme_builder_area=\u00a0\u00bbpost_content\u00a0\u00bb]<\/p>\n<p class=\"cvGsUA direction-ltr align-start para-style-body\"><span style=\"color: #ffffff;\"><strong><span style=\"text-decoration: underline;\"><span class=\"OYPEnA text-decoration-underline text-strikethrough-none\">Date, Horaires et Tarifs <\/span><span class=\"OYPEnA text-strikethrough-none text-decoration-none\">\u00a0:<\/span><\/span><\/strong><span class=\"OYPEnA text-strikethrough-none text-decoration-none white-space-prewrap\"> <\/span><\/span><\/p>\n<p class=\"cvGsUA direction-ltr align-start para-style-body\"><span style=\"color: #ffffff;\"><span class=\"OYPEnA text-decoration-none text-strikethrough-none\">Conf\u00e9rence : Vendredi 14 novembre 2025 de 18h \u00e0 20h<\/span><\/span><\/p>\n<p class=\"cvGsUA direction-ltr align-start para-style-body\"><strong>Tarif : Gratuit pour les adh\u00e9rents, 15\u20ac pour les non adh\u00e9rents<br \/>Inscription aupr\u00e8s de l&rsquo;UTL : 07 48 77 99 93 ou <a href=\"mailto:utlduranceprovence04@gmail.com\">utlduranceprovence04@gmail.com<\/a><\/strong><span style=\"color: #ffffff;\"><span class=\"OYPEnA text-decoration-none text-strikethrough-none\"><\/span><\/span><\/p>\n<p class=\"cvGsUA direction-ltr align-start para-style-body\"><span style=\"color: #ffffff;\"><span class=\"OYPEnA text-decoration-none text-strikethrough-none\"><\/span><\/span><\/p>\n<p>[\/et_pb_text][\/et_pb_column][\/et_pb_row][\/et_pb_section]<\/p>\n","protected":false},"excerpt":{"rendered":"<p>Conf\u00e9rence le 10 octobre 2025Avec Alain Br\u00e9mondNotre conf\u00e9rencier \u00e9tant souffrant, nous ne pouvons maintenir cette conf\u00e9rence qui sera reprogramm\u00e9 quand M. Bremond aura retrouv\u00e9 sa vitalit\u00e9. Nos vous prions de nous en excuser. Une autre conf\u00e9rence sera propos\u00e9 en remplacement d\u00e8s que nous aurons finalis\u00e9 notre choix !\u00a0Ma conf\u00e9rence va d\u00e9crire l&rsquo;arriv\u00e9e du ver \u00e0 [&hellip;]<\/p>\n","protected":false},"author":1,"featured_media":1373,"comment_status":"closed","ping_status":"closed","sticky":false,"template":"","format":"standard","meta":{"_et_pb_use_builder":"on","_et_pb_old_content":"","_et_gb_content_width":"","_jetpack_memberships_contains_paid_content":false,"footnotes":""},"categories":[13],"tags":[],"class_list":["post-1372","post","type-post","status-publish","format-standard","has-post-thumbnail","hentry","category-conference-realisee"],"yoast_head":"<!-- This site is optimized with the Yoast SEO plugin v27.4 - https:\/\/yoast.com\/product\/yoast-seo-wordpress\/ -->\n<title>Les trognes et le ver \u00e0 soie - UTL Durance Provence<\/title>\n<meta name=\"robots\" content=\"index, follow, max-snippet:-1, max-image-preview:large, max-video-preview:-1\" \/>\n<link rel=\"canonical\" href=\"https:\/\/utl-durance-provence.com\/?p=1372\" \/>\n<meta property=\"og:locale\" content=\"fr_FR\" \/>\n<meta property=\"og:type\" content=\"article\" \/>\n<meta property=\"og:title\" content=\"Les trognes et le ver \u00e0 soie - UTL Durance Provence\" \/>\n<meta property=\"og:description\" content=\"Conf\u00e9rence le 10 octobre 2025Avec Alain Br\u00e9mondNotre conf\u00e9rencier \u00e9tant souffrant, nous ne pouvons maintenir cette conf\u00e9rence qui sera reprogramm\u00e9 quand M. Bremond aura retrouv\u00e9 sa vitalit\u00e9. Nos vous prions de nous en excuser. Une autre conf\u00e9rence sera propos\u00e9 en remplacement d\u00e8s que nous aurons finalis\u00e9 notre choix !\u00a0Ma conf\u00e9rence va d\u00e9crire l&#039;arriv\u00e9e du ver \u00e0 [&hellip;]\" \/>\n<meta property=\"og:url\" content=\"https:\/\/utl-durance-provence.com\/?p=1372\" \/>\n<meta property=\"og:site_name\" content=\"UTL Durance Provence\" \/>\n<meta property=\"article:published_time\" content=\"2025-07-31T15:00:22+00:00\" \/>\n<meta property=\"article:modified_time\" content=\"2026-03-12T07:55:33+00:00\" \/>\n<meta property=\"og:image\" content=\"https:\/\/utl-durance-provence.com\/wp-content\/uploads\/2025\/07\/Conference_Les_trognes_et_le_vers_a_soie_murier.jpg\" \/>\n\t<meta property=\"og:image:width\" content=\"572\" \/>\n\t<meta property=\"og:image:height\" content=\"953\" \/>\n\t<meta property=\"og:image:type\" content=\"image\/jpeg\" \/>\n<meta name=\"author\" content=\"admin\" \/>\n<meta name=\"twitter:card\" content=\"summary_large_image\" \/>\n<meta name=\"twitter:label1\" content=\"\u00c9crit par\" \/>\n\t<meta name=\"twitter:data1\" content=\"admin\" \/>\n\t<meta name=\"twitter:label2\" content=\"Dur\u00e9e de lecture estim\u00e9e\" \/>\n\t<meta name=\"twitter:data2\" content=\"2 minutes\" \/>\n<script type=\"application\/ld+json\" class=\"yoast-schema-graph\">{\"@context\":\"https:\\\/\\\/schema.org\",\"@graph\":[{\"@type\":\"Article\",\"@id\":\"https:\\\/\\\/utl-durance-provence.com\\\/?p=1372#article\",\"isPartOf\":{\"@id\":\"https:\\\/\\\/utl-durance-provence.com\\\/?p=1372\"},\"author\":{\"name\":\"admin\",\"@id\":\"https:\\\/\\\/utl-durance-provence.com\\\/#\\\/schema\\\/person\\\/7f66f57fb7e4df46693a540fd9e3dae8\"},\"headline\":\"Les trognes et le ver \u00e0 soie\",\"datePublished\":\"2025-07-31T15:00:22+00:00\",\"dateModified\":\"2026-03-12T07:55:33+00:00\",\"mainEntityOfPage\":{\"@id\":\"https:\\\/\\\/utl-durance-provence.com\\\/?p=1372\"},\"wordCount\":1168,\"image\":{\"@id\":\"https:\\\/\\\/utl-durance-provence.com\\\/?p=1372#primaryimage\"},\"thumbnailUrl\":\"https:\\\/\\\/utl-durance-provence.com\\\/wp-content\\\/uploads\\\/2025\\\/07\\\/Conference_Les_trognes_et_le_vers_a_soie_murier.jpg\",\"articleSection\":[\"Conf\u00e9rence r\u00e9alis\u00e9e\"],\"inLanguage\":\"fr-FR\"},{\"@type\":\"WebPage\",\"@id\":\"https:\\\/\\\/utl-durance-provence.com\\\/?p=1372\",\"url\":\"https:\\\/\\\/utl-durance-provence.com\\\/?p=1372\",\"name\":\"Les trognes et le ver \u00e0 soie - UTL Durance Provence\",\"isPartOf\":{\"@id\":\"https:\\\/\\\/utl-durance-provence.com\\\/#website\"},\"primaryImageOfPage\":{\"@id\":\"https:\\\/\\\/utl-durance-provence.com\\\/?p=1372#primaryimage\"},\"image\":{\"@id\":\"https:\\\/\\\/utl-durance-provence.com\\\/?p=1372#primaryimage\"},\"thumbnailUrl\":\"https:\\\/\\\/utl-durance-provence.com\\\/wp-content\\\/uploads\\\/2025\\\/07\\\/Conference_Les_trognes_et_le_vers_a_soie_murier.jpg\",\"datePublished\":\"2025-07-31T15:00:22+00:00\",\"dateModified\":\"2026-03-12T07:55:33+00:00\",\"author\":{\"@id\":\"https:\\\/\\\/utl-durance-provence.com\\\/#\\\/schema\\\/person\\\/7f66f57fb7e4df46693a540fd9e3dae8\"},\"breadcrumb\":{\"@id\":\"https:\\\/\\\/utl-durance-provence.com\\\/?p=1372#breadcrumb\"},\"inLanguage\":\"fr-FR\",\"potentialAction\":[{\"@type\":\"ReadAction\",\"target\":[\"https:\\\/\\\/utl-durance-provence.com\\\/?p=1372\"]}]},{\"@type\":\"ImageObject\",\"inLanguage\":\"fr-FR\",\"@id\":\"https:\\\/\\\/utl-durance-provence.com\\\/?p=1372#primaryimage\",\"url\":\"https:\\\/\\\/utl-durance-provence.com\\\/wp-content\\\/uploads\\\/2025\\\/07\\\/Conference_Les_trognes_et_le_vers_a_soie_murier.jpg\",\"contentUrl\":\"https:\\\/\\\/utl-durance-provence.com\\\/wp-content\\\/uploads\\\/2025\\\/07\\\/Conference_Les_trognes_et_le_vers_a_soie_murier.jpg\",\"width\":572,\"height\":953},{\"@type\":\"BreadcrumbList\",\"@id\":\"https:\\\/\\\/utl-durance-provence.com\\\/?p=1372#breadcrumb\",\"itemListElement\":[{\"@type\":\"ListItem\",\"position\":1,\"name\":\"Accueil\",\"item\":\"https:\\\/\\\/utl-durance-provence.com\\\/\"},{\"@type\":\"ListItem\",\"position\":2,\"name\":\"Les trognes et le ver \u00e0 soie\"}]},{\"@type\":\"WebSite\",\"@id\":\"https:\\\/\\\/utl-durance-provence.com\\\/#website\",\"url\":\"https:\\\/\\\/utl-durance-provence.com\\\/\",\"name\":\"UTL Durance Provence\",\"description\":\"Se Former, Savoir, Echanger, Apprendre\",\"potentialAction\":[{\"@type\":\"SearchAction\",\"target\":{\"@type\":\"EntryPoint\",\"urlTemplate\":\"https:\\\/\\\/utl-durance-provence.com\\\/?s={search_term_string}\"},\"query-input\":{\"@type\":\"PropertyValueSpecification\",\"valueRequired\":true,\"valueName\":\"search_term_string\"}}],\"inLanguage\":\"fr-FR\"},{\"@type\":\"Person\",\"@id\":\"https:\\\/\\\/utl-durance-provence.com\\\/#\\\/schema\\\/person\\\/7f66f57fb7e4df46693a540fd9e3dae8\",\"name\":\"admin\",\"sameAs\":[\"https:\\\/\\\/utl-durance-provence.com\"],\"url\":\"https:\\\/\\\/utl-durance-provence.com\\\/?author=1\"}]}<\/script>\n<!-- \/ Yoast SEO plugin. -->","yoast_head_json":{"title":"Les trognes et le ver \u00e0 soie - UTL Durance Provence","robots":{"index":"index","follow":"follow","max-snippet":"max-snippet:-1","max-image-preview":"max-image-preview:large","max-video-preview":"max-video-preview:-1"},"canonical":"https:\/\/utl-durance-provence.com\/?p=1372","og_locale":"fr_FR","og_type":"article","og_title":"Les trognes et le ver \u00e0 soie - UTL Durance Provence","og_description":"Conf\u00e9rence le 10 octobre 2025Avec Alain Br\u00e9mondNotre conf\u00e9rencier \u00e9tant souffrant, nous ne pouvons maintenir cette conf\u00e9rence qui sera reprogramm\u00e9 quand M. Bremond aura retrouv\u00e9 sa vitalit\u00e9. Nos vous prions de nous en excuser. Une autre conf\u00e9rence sera propos\u00e9 en remplacement d\u00e8s que nous aurons finalis\u00e9 notre choix !\u00a0Ma conf\u00e9rence va d\u00e9crire l'arriv\u00e9e du ver \u00e0 [&hellip;]","og_url":"https:\/\/utl-durance-provence.com\/?p=1372","og_site_name":"UTL Durance Provence","article_published_time":"2025-07-31T15:00:22+00:00","article_modified_time":"2026-03-12T07:55:33+00:00","og_image":[{"width":572,"height":953,"url":"https:\/\/utl-durance-provence.com\/wp-content\/uploads\/2025\/07\/Conference_Les_trognes_et_le_vers_a_soie_murier.jpg","type":"image\/jpeg"}],"author":"admin","twitter_card":"summary_large_image","twitter_misc":{"\u00c9crit par":"admin","Dur\u00e9e de lecture estim\u00e9e":"2 minutes"},"schema":{"@context":"https:\/\/schema.org","@graph":[{"@type":"Article","@id":"https:\/\/utl-durance-provence.com\/?p=1372#article","isPartOf":{"@id":"https:\/\/utl-durance-provence.com\/?p=1372"},"author":{"name":"admin","@id":"https:\/\/utl-durance-provence.com\/#\/schema\/person\/7f66f57fb7e4df46693a540fd9e3dae8"},"headline":"Les trognes et le ver \u00e0 soie","datePublished":"2025-07-31T15:00:22+00:00","dateModified":"2026-03-12T07:55:33+00:00","mainEntityOfPage":{"@id":"https:\/\/utl-durance-provence.com\/?p=1372"},"wordCount":1168,"image":{"@id":"https:\/\/utl-durance-provence.com\/?p=1372#primaryimage"},"thumbnailUrl":"https:\/\/utl-durance-provence.com\/wp-content\/uploads\/2025\/07\/Conference_Les_trognes_et_le_vers_a_soie_murier.jpg","articleSection":["Conf\u00e9rence r\u00e9alis\u00e9e"],"inLanguage":"fr-FR"},{"@type":"WebPage","@id":"https:\/\/utl-durance-provence.com\/?p=1372","url":"https:\/\/utl-durance-provence.com\/?p=1372","name":"Les trognes et le ver \u00e0 soie - UTL Durance Provence","isPartOf":{"@id":"https:\/\/utl-durance-provence.com\/#website"},"primaryImageOfPage":{"@id":"https:\/\/utl-durance-provence.com\/?p=1372#primaryimage"},"image":{"@id":"https:\/\/utl-durance-provence.com\/?p=1372#primaryimage"},"thumbnailUrl":"https:\/\/utl-durance-provence.com\/wp-content\/uploads\/2025\/07\/Conference_Les_trognes_et_le_vers_a_soie_murier.jpg","datePublished":"2025-07-31T15:00:22+00:00","dateModified":"2026-03-12T07:55:33+00:00","author":{"@id":"https:\/\/utl-durance-provence.com\/#\/schema\/person\/7f66f57fb7e4df46693a540fd9e3dae8"},"breadcrumb":{"@id":"https:\/\/utl-durance-provence.com\/?p=1372#breadcrumb"},"inLanguage":"fr-FR","potentialAction":[{"@type":"ReadAction","target":["https:\/\/utl-durance-provence.com\/?p=1372"]}]},{"@type":"ImageObject","inLanguage":"fr-FR","@id":"https:\/\/utl-durance-provence.com\/?p=1372#primaryimage","url":"https:\/\/utl-durance-provence.com\/wp-content\/uploads\/2025\/07\/Conference_Les_trognes_et_le_vers_a_soie_murier.jpg","contentUrl":"https:\/\/utl-durance-provence.com\/wp-content\/uploads\/2025\/07\/Conference_Les_trognes_et_le_vers_a_soie_murier.jpg","width":572,"height":953},{"@type":"BreadcrumbList","@id":"https:\/\/utl-durance-provence.com\/?p=1372#breadcrumb","itemListElement":[{"@type":"ListItem","position":1,"name":"Accueil","item":"https:\/\/utl-durance-provence.com\/"},{"@type":"ListItem","position":2,"name":"Les trognes et le ver \u00e0 soie"}]},{"@type":"WebSite","@id":"https:\/\/utl-durance-provence.com\/#website","url":"https:\/\/utl-durance-provence.com\/","name":"UTL Durance Provence","description":"Se Former, Savoir, Echanger, Apprendre","potentialAction":[{"@type":"SearchAction","target":{"@type":"EntryPoint","urlTemplate":"https:\/\/utl-durance-provence.com\/?s={search_term_string}"},"query-input":{"@type":"PropertyValueSpecification","valueRequired":true,"valueName":"search_term_string"}}],"inLanguage":"fr-FR"},{"@type":"Person","@id":"https:\/\/utl-durance-provence.com\/#\/schema\/person\/7f66f57fb7e4df46693a540fd9e3dae8","name":"admin","sameAs":["https:\/\/utl-durance-provence.com"],"url":"https:\/\/utl-durance-provence.com\/?author=1"}]}},"jetpack_featured_media_url":"https:\/\/utl-durance-provence.com\/wp-content\/uploads\/2025\/07\/Conference_Les_trognes_et_le_vers_a_soie_murier.jpg","jetpack_sharing_enabled":true,"_links":{"self":[{"href":"https:\/\/utl-durance-provence.com\/index.php?rest_route=\/wp\/v2\/posts\/1372","targetHints":{"allow":["GET"]}}],"collection":[{"href":"https:\/\/utl-durance-provence.com\/index.php?rest_route=\/wp\/v2\/posts"}],"about":[{"href":"https:\/\/utl-durance-provence.com\/index.php?rest_route=\/wp\/v2\/types\/post"}],"author":[{"embeddable":true,"href":"https:\/\/utl-durance-provence.com\/index.php?rest_route=\/wp\/v2\/users\/1"}],"replies":[{"embeddable":true,"href":"https:\/\/utl-durance-provence.com\/index.php?rest_route=%2Fwp%2Fv2%2Fcomments&post=1372"}],"version-history":[{"count":5,"href":"https:\/\/utl-durance-provence.com\/index.php?rest_route=\/wp\/v2\/posts\/1372\/revisions"}],"predecessor-version":[{"id":1425,"href":"https:\/\/utl-durance-provence.com\/index.php?rest_route=\/wp\/v2\/posts\/1372\/revisions\/1425"}],"wp:featuredmedia":[{"embeddable":true,"href":"https:\/\/utl-durance-provence.com\/index.php?rest_route=\/wp\/v2\/media\/1373"}],"wp:attachment":[{"href":"https:\/\/utl-durance-provence.com\/index.php?rest_route=%2Fwp%2Fv2%2Fmedia&parent=1372"}],"wp:term":[{"taxonomy":"category","embeddable":true,"href":"https:\/\/utl-durance-provence.com\/index.php?rest_route=%2Fwp%2Fv2%2Fcategories&post=1372"},{"taxonomy":"post_tag","embeddable":true,"href":"https:\/\/utl-durance-provence.com\/index.php?rest_route=%2Fwp%2Fv2%2Ftags&post=1372"}],"curies":[{"name":"wp","href":"https:\/\/api.w.org\/{rel}","templated":true}]}}